[{"@context":"https:\/\/schema.org\/","@type":"Article","@id":"https:\/\/www.hoshi.cz\/bez-dovolene-bychom-se-zblaznili\/#Article","mainEntityOfPage":"https:\/\/www.hoshi.cz\/bez-dovolene-bychom-se-zblaznili\/","headline":"Bez dovolen\u00e9 bychom se zbl\u00e1znili","name":"Bez dovolen\u00e9 bychom se zbl\u00e1znili","description":"Na co se my lid\u00e9 rok co rok t\u011b\u0161\u00edme? P\u0159ece na dovolenou. Tedy za p\u0159edpokladu, \u017ee jsme osobami pracuj\u00edc\u00edmi, proto\u017ee jenom t\u011bm n\u00e1rok na dovolenou vznik\u00e1, na rozd\u00edl od nezam\u011bstnan\u00fdch \u010di d\u016fchodc\u016f, kte\u0159\u00ed sice dovolenou nemaj\u00ed, ale to proto, \u017ee... <a class=\"more-link\" href=\"https:\/\/www.hoshi.cz\/bez-dovolene-bychom-se-zblaznili\/\">Pokra\u010dovat ve \u010dten\u00ed &rarr;<\/a>","datePublished":"2022-06-02","dateModified":"2023-05-30","author":{"@type":"Person","@id":"https:\/\/www.hoshi.cz\/author\/devene\/#Person","name":"devene","url":"https:\/\/www.hoshi.cz\/author\/devene\/","identifier":1,"image":{"@type":"ImageObject","@id":"https:\/\/secure.gravatar.com\/avatar\/7c144e1de0ecc43e7a8353c804f0c7ea63c9554336576e7048c4bdeaa59bbbbb?s=96&d=mm&r=g","url":"https:\/\/secure.gravatar.com\/avatar\/7c144e1de0ecc43e7a8353c804f0c7ea63c9554336576e7048c4bdeaa59bbbbb?s=96&d=mm&r=g","height":96,"width":96}},"publisher":{"@type":"Organization","name":"hoshi.cz","logo":{"@type":"ImageObject","@id":"\/logo.png","url":"\/logo.png","width":600,"height":60}},"image":{"@type":"ImageObject","@id":"https:\/\/www.hoshi.cz\/wp-content\/uploads\/lidi%20u%20mo%C5%99e.jpg","url":"https:\/\/www.hoshi.cz\/wp-content\/uploads\/lidi%20u%20mo%C5%99e.jpg","height":0,"width":0},"url":"https:\/\/www.hoshi.cz\/bez-dovolene-bychom-se-zblaznili\/","about":["Dovolen\u00e1"],"wordCount":449,"articleBody":"Na co se my lid\u00e9 rok co rok t\u011b\u0161\u00edme? P\u0159ece na dovolenou. Tedy za p\u0159edpokladu, \u017ee jsme osobami pracuj\u00edc\u00edmi, proto\u017ee jenom t\u011bm n\u00e1rok na dovolenou vznik\u00e1, na rozd\u00edl od nezam\u011bstnan\u00fdch \u010di d\u016fchodc\u016f, kte\u0159\u00ed sice dovolenou nemaj\u00ed, ale to proto, \u017ee si ji vlastn\u011b mohou ud\u011blat a tak\u00e9 ud\u011blaj\u00ed, kdykoliv se jim to jenom zl\u00edb\u00ed. A pro\u010d se na dovolenou t\u011b\u0161\u00edv\u00e1me? P\u0159ece proto, \u017ee o n\u00ed a \u010dasto jenom o n\u00ed m\u00e1me dost \u010dasu na to, abychom d\u011blali n\u011bco, co se l\u00edb\u00ed pr\u00e1v\u011b n\u00e1m, bez omezov\u00e1n\u00ed se kv\u016fli jin\u00fdm povinnostem, kter\u00e9 n\u00e1s ve v\u0161edn\u00edch dnech ob\u00edraj\u00ed o \u010das a energii.Kdy\u017e nastane doba dovolen\u00e9, m\u00e1me r\u00e1zem prostor, abychom se realizovali po sv\u00e9m. N\u011bkdy zcela, a n\u011bkdy aspo\u0148 trochu, pokud jsme i zde do jist\u00e9 m\u00edry omezov\u00e1ni \u017eivotn\u00edm druhem\/dru\u017ekou, rodinou, finan\u010dn\u00edmi mo\u017enostmi, protipandemick\u00fdmi opat\u0159en\u00edmi a podobn\u011b. A kdy\u017e u\u017e tu takov\u00e1 mo\u017enost je, m\u011bli bychom ji ur\u010dit\u011b vyu\u017e\u00edt. Proto\u017ee kdy jindy se m\u016f\u017eeme sebrat a odjet z\u00a0domova t\u0159eba i na druh\u00fd konec sv\u011bta? Kdy jindy si m\u016f\u017eeme r\u00e1no p\u0159ispat, ani\u017e by po n\u00e1s byla sh\u00e1\u0148ka, kdy jindy si m\u016f\u017eeme v\u00a0noci zafl\u00e1movat, ani\u017e bychom riskovali, \u017ee r\u00e1no zasp\u00edme nebo \u017ee nebudeme v\u00a0\u017e\u00e1douc\u00ed kondici? Je to pr\u00e1v\u011b dovolen\u00e1, kdy m\u016f\u017eeme pozn\u00e1vat dosud nepoznan\u00e1 m\u00edsta, kdy m\u016f\u017eeme popustit uzdu sv\u00e9 fantazii a d\u011blat daleko v\u00edce v\u011bc\u00ed, v\u010detn\u011b t\u011bch, kter\u00e9 si ve zbytku roku dop\u0159\u00e1vat nem\u016f\u017eeme. A proto\u017ee je takov\u00e1 zm\u011bna \u017eivot, je nesporn\u011b dob\u0159e, \u017ee dovolen\u00e9 existuj\u00ed. A \u017ee si je m\u016f\u017eeme br\u00e1t a tak\u00e9 si je obvykle bereme. Proto\u017ee jak by to s\u00a0n\u00e1mi dopadlo, kdybychom museli po cel\u00fd takzvan\u00fd produktivn\u00ed v\u011bk chodit jenom do pr\u00e1ce a z\u00a0t\u00e9to pak t\u0159eba jenom rovnou do postele, abychom nabrali s\u00edlu na dal\u0161\u00ed pr\u00e1ci? To by p\u0159ece za nic nest\u00e1lo. S\u00a0v\u00fdjimkou lid\u00ed, kte\u0159\u00ed maj\u00ed pr\u00e1ci sv\u00fdch sn\u016f a tu up\u0159ednost\u0148uj\u00ed t\u0159eba i p\u0159ed dovolenou. Ale takov\u00fdch lid\u00ed ur\u010dit\u011b moc nenajdeme. A i kdyby, i ti si n\u011bkdy dovolenou vybrat mus\u00ed. I kdy\u017e t\u0159eba i o n\u00ed budou d\u00e1l d\u011blat to, co v\u00a0pr\u00e1ci, proto\u017ee je to pro n\u011b i nejlep\u0161\u00ed z\u00e1bavou a relaxac\u00ed.                                                                                                                                                                                                                                                                                                                                                                                        4.6\/5 - (7 votes)        "},{"@context":"https:\/\/schema.org\/","@type":"BreadcrumbList","itemListElement":[{"@type":"ListItem","position":1,"name":"Bez dovolen\u00e9 bychom se zbl\u00e1znili","item":"https:\/\/www.hoshi.cz\/bez-dovolene-bychom-se-zblaznili\/#breadcrumbitem"}]}]