[{"@context":"https:\/\/schema.org\/","@type":"Article","@id":"https:\/\/www.hoshi.cz\/o-lasce\/#Article","mainEntityOfPage":"https:\/\/www.hoshi.cz\/o-lasce\/","headline":"O l\u00e1sce","name":"O l\u00e1sce","description":"L\u00e1ska. Cit, kter\u00fd je uvnit\u0159 n\u00e1s, hluboko v na\u0161em nitru, v na\u0161em srdci. Cit tak siln\u00fd, \u017ee dok\u00e1\u017ee prom\u011bnit nemo\u017en\u00e9 v mo\u017en\u00e9 a naopak. Ve vte\u0159in\u011b zm\u011bn\u00ed cel\u00fd n\u00e1\u0161 \u017eivot, na\u0161e priority i n\u00e1s samotn\u00e9. Je to siln\u00e9 pouto, kter\u00e9... <a class=\"more-link\" href=\"https:\/\/www.hoshi.cz\/o-lasce\/\">Pokra\u010dovat ve \u010dten\u00ed &rarr;<\/a>","datePublished":"2022-02-22","dateModified":"2023-05-30","author":{"@type":"Person","@id":"https:\/\/www.hoshi.cz\/author\/devene\/#Person","name":"devene","url":"https:\/\/www.hoshi.cz\/author\/devene\/","identifier":1,"image":{"@type":"ImageObject","@id":"https:\/\/secure.gravatar.com\/avatar\/7c144e1de0ecc43e7a8353c804f0c7ea63c9554336576e7048c4bdeaa59bbbbb?s=96&d=mm&r=g","url":"https:\/\/secure.gravatar.com\/avatar\/7c144e1de0ecc43e7a8353c804f0c7ea63c9554336576e7048c4bdeaa59bbbbb?s=96&d=mm&r=g","height":96,"width":96}},"publisher":{"@type":"Organization","name":"hoshi.cz","logo":{"@type":"ImageObject","@id":"\/logo.png","url":"\/logo.png","width":600,"height":60}},"image":{"@type":"ImageObject","@id":"https:\/\/www.hoshi.cz\/wp-content\/uploads\/%C5%BEivotn%C3%AD%20l%C3%A1ska_3.jpg","url":"https:\/\/www.hoshi.cz\/wp-content\/uploads\/%C5%BEivotn%C3%AD%20l%C3%A1ska_3.jpg","height":0,"width":0},"url":"https:\/\/www.hoshi.cz\/o-lasce\/","about":["L\u00e1ska"],"wordCount":466,"articleBody":"L\u00e1ska. Cit, kter\u00fd je uvnit\u0159 n\u00e1s, hluboko v na\u0161em nitru, v na\u0161em srdci. Cit tak siln\u00fd, \u017ee dok\u00e1\u017ee prom\u011bnit nemo\u017en\u00e9 v mo\u017en\u00e9 a naopak. Ve vte\u0159in\u011b zm\u011bn\u00ed cel\u00fd n\u00e1\u0161 \u017eivot, na\u0161e priority i n\u00e1s samotn\u00e9. Je to siln\u00e9 pouto, kter\u00e9 n\u00e1s v\u0161echny spojuje a cel\u00fd sv\u011bt d\u011bl\u00e1 kr\u00e1sn\u011bj\u0161\u00edm.M\u00e1me-li l\u00e1sku, nec\u00edt\u00edme se sami. Jedin\u011b l\u00e1ska, a\u0165 u\u017e mate\u0159sk\u00e1 nebo ta \u017eivotn\u00ed, n\u00e1m d\u00e1v\u00e1 pocit bezpe\u010d\u00ed a zah\u0159\u00edv\u00e1 n\u00e1s i v t\u011bch nejt\u011b\u017e\u0161\u00edch chv\u00edl\u00edch na\u0161eho \u017eivota. L\u00e1ska jednodu\u0161e vykouzl\u00ed slunce i tam, kde je st\u00edn. Je\u00a0jak\u00fdmsi\u00a0pohonem, jen\u017e n\u00e1s \u017eene kup\u0159edu mnohem sn\u00e1z. S l\u00e1skou jde v\u0161echno mnohem l\u00e9pe, ne\u017e kdy\u017e jsme sami bez n\u00ed.\u00a0P\u0159esto v\u0161ak na ni m\u00e1me ka\u017ed\u00fd zcela jin\u00fd n\u00e1zor, jin\u00fd pohled a n\u011bkte\u0159\u00ed ne zrovna ten nejlep\u0161\u00ed. Pro n\u011bkter\u00e9 byla l\u00e1ska jen velk\u00fdm zklam\u00e1n\u00edm, jin\u00e9 ovlivnila natolik, \u017ee p\u0159i\u0161li o v\u0161echno a obzvl\u00e1\u0161\u0165 smutn\u00fd p\u0159\u00edb\u011bh jak\u00fd l\u00e1ska\u00a0m\u016f\u017ee m\u00edt, kdy\u017e skrze\u00a0ni vyhasne \u017eivot. L\u00e1ska zamot\u00e1 hlavu kde komu. Dov\u00e1d\u00ed n\u00e1s k \u0161\u00edlenstv\u00ed, nut\u00ed d\u011blat \u0161\u00edlen\u00e9 v\u011bci a odkryje i na\u0161e nejslab\u0161\u00ed m\u00edsta. Vezme n\u00e1m hrdost, pon\u00ed\u017e\u00ed n\u00e1s, z\u00a0chytr\u00e9ho ud\u011bl\u00e1 hlup\u00e1ka a stejn\u011b tak z bohat\u00e9ho r\u00e1zem chud\u00e1ka. L\u00e1ska p\u0159em\u016f\u017ee i ty nejsiln\u011bj\u0161\u00ed jedince.\u00a0Zkr\u00e1tka je slo\u017eit\u00e1, ale takov\u00ed jsme i my lid\u00e9. Kdy\u017e ji m\u00e1me, odm\u00edt\u00e1me ji a kdy\u017e jsme bez n\u00ed, sch\u00e1z\u00ed n\u00e1m.\u00a0\u0158\u00edk\u00e1 se, \u017ee v\u0161echno jde, kdy\u017e se chce, p\u0159esto tohle u l\u00e1sky neplat\u00ed. Nen\u00ed-li op\u011btov\u00e1na, nezm\u016f\u017eeme nic i kdybychom\u00a0se sebev\u00edc sna\u017eili. Nepoznat ale l\u00e1sku, nemilovali bychom a sv\u011bt by byl jen tmav\u00fdm m\u00edstem pln\u00fd nen\u00e1visti.\u00a0Koneckonc\u016f z l\u00e1sky je vytv\u00e1\u0159eno v\u0161echno kr\u00e1sn\u00e9. Cokoli je tvo\u0159eno z l\u00e1sky, je vytv\u00e1\u0159eno srdcem a z n\u011bj vych\u00e1z\u00ed jen to nejkr\u00e1sn\u011bj\u0161\u00ed, jinak \u0159e\u010deno, v\u0161echno to kr\u00e1sn\u00e9 z n\u00e1s.\u00a0Ka\u017ed\u00fd den je l\u00e1ska tou, kter\u00e1 n\u00e1m neust\u00e1le p\u0159ipom\u00edn\u00e1, \u017ee je to pr\u00e1v\u011b ona, kter\u00e1 z n\u00e1s d\u011bl\u00e1 to, k\u00fdm jsme. Dokud budeme kr\u00e1\u010det po tomto sv\u011bt\u011b spole\u010dn\u011b s n\u00ed, slunce bude nad n\u00e1mi sv\u00edtit st\u00e1le a ka\u017ed\u00fd den bude st\u00e1t za to, jeliko\u017e bez l\u00e1sky by st\u00e1l za nic.                                                                                                                                                                                                                                                                                                                                                                                        4.5\/5 - (8 votes)        "},{"@context":"https:\/\/schema.org\/","@type":"BreadcrumbList","itemListElement":[{"@type":"ListItem","position":1,"name":"O l\u00e1sce","item":"https:\/\/www.hoshi.cz\/o-lasce\/#breadcrumbitem"}]}]