[{"@context":"https:\/\/schema.org\/","@type":"Article","@id":"https:\/\/www.hoshi.cz\/proc-si-lide-porizuji-bazen\/#Article","mainEntityOfPage":"https:\/\/www.hoshi.cz\/proc-si-lide-porizuji-bazen\/","headline":"Pro\u010d si lid\u00e9 po\u0159izuj\u00ed baz\u00e9n?","name":"Pro\u010d si lid\u00e9 po\u0159izuj\u00ed baz\u00e9n?","description":"Kdy\u017e nastane l\u00e9to, m\u00e1me ho v\u011bt\u0161inou spojeno s u\u017e\u00edv\u00e1n\u00edm si u\u017e od dob, kdy jsme byli d\u011bti, proto\u017ee jsme m\u011bli pr\u00e1zdniny a u\u017e\u00edvali jsme si cel\u00e9 dva m\u011bs\u00edce volna. To je skv\u011bl\u00e9, proto\u017ee takov\u00e9 volno si zaslou\u017e\u00ed naprosto ka\u017ed\u00fd a... <a class=\"more-link\" href=\"https:\/\/www.hoshi.cz\/proc-si-lide-porizuji-bazen\/\">Pokra\u010dovat ve \u010dten\u00ed &rarr;<\/a>","datePublished":"2022-12-31","dateModified":"2023-05-30","author":{"@type":"Person","@id":"https:\/\/www.hoshi.cz\/author\/devene\/#Person","name":"devene","url":"https:\/\/www.hoshi.cz\/author\/devene\/","identifier":1,"image":{"@type":"ImageObject","@id":"https:\/\/secure.gravatar.com\/avatar\/7c144e1de0ecc43e7a8353c804f0c7ea63c9554336576e7048c4bdeaa59bbbbb?s=96&d=mm&r=g","url":"https:\/\/secure.gravatar.com\/avatar\/7c144e1de0ecc43e7a8353c804f0c7ea63c9554336576e7048c4bdeaa59bbbbb?s=96&d=mm&r=g","height":96,"width":96}},"publisher":{"@type":"Organization","name":"hoshi.cz","logo":{"@type":"ImageObject","@id":"\/logo.png","url":"\/logo.png","width":600,"height":60}},"image":{"@type":"ImageObject","@id":"https:\/\/www.hoshi.cz\/wp-content\/uploads\/water-1018808__340_1.jpg","url":"https:\/\/www.hoshi.cz\/wp-content\/uploads\/water-1018808__340_1.jpg","height":0,"width":0},"url":"https:\/\/www.hoshi.cz\/proc-si-lide-porizuji-bazen\/","about":["Nakupov\u00e1n\u00ed"],"wordCount":451,"articleBody":"      Kdy\u017e nastane l\u00e9to, m\u00e1me ho v\u011bt\u0161inou spojeno s u\u017e\u00edv\u00e1n\u00edm si u\u017e od dob, kdy jsme byli d\u011bti, proto\u017ee jsme m\u011bli pr\u00e1zdniny a u\u017e\u00edvali jsme si cel\u00e9 dva m\u011bs\u00edce volna. To je skv\u011bl\u00e9, proto\u017ee takov\u00e9 volno si zaslou\u017e\u00ed naprosto ka\u017ed\u00fd a taky \u017ee to bylo super a z\u00e1bava. Nav\u00edc \u010dlov\u011bk v l\u00e9t\u011b pro\u017eil mnoho super z\u00e1\u017eitk\u016f a poznal hodn\u011b fajn lid\u00ed. Nikomu se nediv\u00edme, \u017ee miluje l\u00e9to, kdy\u017e m\u00e1 na n\u011bj tak dobr\u00e9 vzpom\u00ednky. L\u00e9to je toti\u017e obdob\u00ed, ve kter\u00e9m jsou v\u0161ichni fajn a maj\u00ed dobrou n\u00e1ladu. A proto se na l\u00e9to v\u0161ichni t\u011b\u0161\u00edme, u\u017e m\u016f\u017eeme toti\u017e odhodit bundy a tepl\u00e9 oble\u010den\u00ed a kone\u010dn\u011b si obl\u00e9ct n\u011bco, v \u010dem n\u00e1m je dob\u0159e a nevypad\u00e1me v tom jako medv\u011bd nebo sn\u011bhul\u00e1k. To je dal\u0161\u00ed d\u016fvod, pro\u010d se lid\u00e9 t\u011b\u0161\u00ed na l\u00e9to. Zima je hold nep\u0159\u00edjemn\u00e1 v mnoha sm\u011brech. Nav\u00edc ani v na\u0161\u00ed zemi nem\u00e1me sn\u00edh, tak\u017ee se nen\u00ed na zimu pro\u010d t\u011b\u0161it. V\u0161echny d\u016fvody, pro\u010d se lid\u00e9 na zimu t\u011b\u0161ili postupn\u011b vymizely. Ani na ty V\u00e1noce nem\u00e1me sn\u00edh, co\u017e je celkem smutn\u00e9. L\u00e9to je alespo\u0148 pozitivn\u00ed, i kdy\u017e v dne\u0161n\u00ed dob\u011b u\u017e nen\u00ed ani takov\u00e9 fajn teplo, kter\u00e9 jsme za\u017e\u00edvali d\u0159\u00edve. Nyn\u00ed je to sp\u00ed\u0161e dusno a horko, kter\u00e9 se ned\u00e1 mnohdy sn\u00e9st. To se pak samoz\u0159ejm\u011b zm\u011bn\u00ed v bou\u0159ku a siln\u00fd letn\u00ed d\u00e9\u0161\u0165, kter\u00fd je sice p\u0159\u00edjemn\u00fd, ale mnohem rad\u0161i bychom byli, kdyby d\u00e9\u0161\u0165 a bou\u0159ku vyst\u0159\u00eddalo p\u0159\u00edjemn\u00e9 teplo, kter\u00e9 poci\u0165ujeme nap\u0159\u00edklad u mo\u0159e. Nikdo se toti\u017e nechce pa\u0159it v takov\u00e9m vedru.Proto si lid\u00e9 kupuj\u00ed baz\u00e9n. Je mnoho druh\u016f baz\u00e9n\u016f, mohou se d\u011blit nap\u0159\u00edklad podle tvaru, lid\u00e9 maj\u00ed v\u011bt\u0161inou obd\u00e9ln\u00edkov\u00fd baz\u00e9n, kter\u00fd je nejv\u00edce praktick\u00fd, ale pokud nemaj\u00ed pen\u00edze na baz\u00e9n do zem\u011b tak si po\u0159izuj\u00ed bu\u010f kulat\u00fd nebo ov\u00e1ln\u00fd nafukovac\u00ed baz\u00e9n. Lep\u0161\u00ed jsou ale stejn\u011b ty obd\u00e9ln\u00edkov\u00e9, proto\u017ee se v nich d\u00e1 dob\u0159e plavat, v tom kulat\u00e9m nen\u00ed tolik m\u00edsta na plav\u00e1n\u00ed, sp\u00ed\u0161e se do nich lid\u00e9 chod\u00ed jen ochladit a my se jim ani nediv\u00edme, kdy\u017e je v\u011bt\u0161inou takov\u00e9 nep\u0159\u00edjemn\u00e9 horko. V dne\u0161n\u00ed dob\u011b nav\u00edc dvakr\u00e1t nep\u0159\u00edjemn\u011bj\u0161\u00ed, kdy\u017e doch\u00e1z\u00ed k glob\u00e1ln\u00edmu oteplov\u00e1n\u00ed.                                                                                                                                                                                                                                                                                                                                                                                          4.1\/5 - (7 votes)        "},{"@context":"https:\/\/schema.org\/","@type":"BreadcrumbList","itemListElement":[{"@type":"ListItem","position":1,"name":"Pro\u010d si lid\u00e9 po\u0159izuj\u00ed baz\u00e9n?","item":"https:\/\/www.hoshi.cz\/proc-si-lide-porizuji-bazen\/#breadcrumbitem"}]}]